{"id":983,"date":"2020-07-18T17:42:04","date_gmt":"2020-07-18T14:42:04","guid":{"rendered":"http:\/\/archebald.ee\/?p=983"},"modified":"2020-07-18T17:42:04","modified_gmt":"2020-07-18T14:42:04","slug":"2020-aasta-oktoobris-toimuvad-archebaldis-apteeker-melchiori-filmivotted","status":"publish","type":"post","link":"https:\/\/archebald.ee\/index.php\/2020\/07\/18\/2020-aasta-oktoobris-toimuvad-archebaldis-apteeker-melchiori-filmivotted\/","title":{"rendered":"2020. aasta oktoobris toimuvad Archebaldis &#8220;Apteeker Melchiori&#8221; filmiv\u00f5tted"},"content":{"rendered":"<p>Sel suvel filmitakse Indrek Hargla raamatusarjal &#8220;Apteeker Melchior&#8221; p\u00f5hinevaid kolme filmi. Filmiv\u00f5tetega alustati juulis Tallinna vanalinnas. Oktoobris j\u00f5uab aga keskajal toimuvate s\u00fcndmuste v\u00f5ttepaik Kuressaarde, kus nii Kuressaare lossis kui ka Keskaja Elamuskeskuse Archebald keskaja olustikule sobivad v\u00f5ttekohad on ootamas.<\/p>\n<p>Kolmest filmist koosneva triloogia esimene film j\u00f5uab kinodesse 2021. aasta s\u00fcgisel, teine ja kolmas osa aga 2022. aastal.<\/p>\n<p><img loading=\"lazy\" decoding=\"async\" class=\"lg-object lg-image\" src=\"https:\/\/s.err.ee\/photo\/crop\/2020\/07\/15\/797886hd3ebt27.jpg\" width=\"905\" height=\"603\" \/><\/p>\n<p>Osa Archebaldi relvi on v\u00f5tetel juba varasemalt. (Foto Proot M\u00fcrk\/ERR)<\/p>\n<p>&nbsp;<\/p>\n","protected":false},"excerpt":{"rendered":"<p>Sel suvel filmitakse Indrek Hargla raamatusarjal &#8220;Apteeker Melchior&#8221; p\u00f5hinevaid kolme filmi. Filmiv\u00f5tetega alustati juulis Tallinna vanalinnas. Oktoobris j\u00f5uab aga keskajal [&hellip;]<\/p>\n","protected":false},"author":1,"featured_media":0,"comment_status":"closed","ping_status":"closed","sticky":false,"template":"","format":"standard","meta":{"footnotes":""},"categories":[1],"tags":[],"class_list":["post-983","post","type-post","status-publish","format-standard","hentry","category-maaratlemata"],"_links":{"self":[{"href":"https:\/\/archebald.ee\/index.php\/wp-json\/wp\/v2\/posts\/983","targetHints":{"allow":["GET"]}}],"collection":[{"href":"https:\/\/archebald.ee\/index.php\/wp-json\/wp\/v2\/posts"}],"about":[{"href":"https:\/\/archebald.ee\/index.php\/wp-json\/wp\/v2\/types\/post"}],"author":[{"embeddable":true,"href":"https:\/\/archebald.ee\/index.php\/wp-json\/wp\/v2\/users\/1"}],"replies":[{"embeddable":true,"href":"https:\/\/archebald.ee\/index.php\/wp-json\/wp\/v2\/comments?post=983"}],"version-history":[{"count":2,"href":"https:\/\/archebald.ee\/index.php\/wp-json\/wp\/v2\/posts\/983\/revisions"}],"predecessor-version":[{"id":985,"href":"https:\/\/archebald.ee\/index.php\/wp-json\/wp\/v2\/posts\/983\/revisions\/985"}],"wp:attachment":[{"href":"https:\/\/archebald.ee\/index.php\/wp-json\/wp\/v2\/media?parent=983"}],"wp:term":[{"taxonomy":"category","embeddable":true,"href":"https:\/\/archebald.ee\/index.php\/wp-json\/wp\/v2\/categories?post=983"},{"taxonomy":"post_tag","embeddable":true,"href":"https:\/\/archebald.ee\/index.php\/wp-json\/wp\/v2\/tags?post=983"}],"curies":[{"name":"wp","href":"https:\/\/api.w.org\/{rel}","templated":true}]}}